{"id":10817,"date":"2018-12-11T11:29:00","date_gmt":"2018-12-11T10:29:00","guid":{"rendered":"https:\/\/www.amicsmuseunacional.org\/?p=10817"},"modified":"2022-06-21T13:19:52","modified_gmt":"2022-06-21T11:19:52","slug":"obra-de-la-setmana-120","status":"publish","type":"post","link":"https:\/\/www.amicsmuseunacional.org\/ca\/obra-de-la-setmana-120\/","title":{"rendered":"&#8216;Sant Francesc d&#8217;Ass\u00eds segons la visi\u00f3 del papa Nicolau V&#8217;"},"content":{"rendered":"\n<p>L&#8217;<strong>obra de la setmana<\/strong> \u00e9s <em>Sant Francesc d&#8217;Ass\u00eds segons la visi\u00f3 del papa Nicolau V<\/em> (cap a 1640), del pintor barroc Francisco de Zurbar\u00e1n (1598-1664).<\/p>\n\n\n\n<p>Zurbar\u00e1n \u00e9s un dels pintors m\u00e9s c\u00e8lebres i reconeguts de l&#8217;anomenat Segle d&#8217;or espanyol. Nascut a Fuente de Cantos, a Extremadura, va formar-se i va treballar durant bona part de la seva vida a Sevilla, on va especialitzar-se en una pintura religiosa de car\u00e0cter intimista i amarada d&#8217;un profund misticisme. Com el seu contemporani i bon amic Diego Vel\u00e1zquez, va estar molt influenciat per l&#8217;obra de Caravaggio, especialment en els inicis. \u00c9s per aix\u00f2 que, en una part molt important de les seves obres, els sants, m\u00e0rtirs i altres figures religioses apareixen representades a primer pla retallades i ressaltades sobre un fons totalment negre. \u00c9s el cas, per exemple, de l&#8217;obra que presentem avui.<\/p>\n","protected":false},"excerpt":{"rendered":"<p>Zurbar\u00e1n hi ha representat el c\u00e8lebre sant itali\u00e0 dempeus i en una posici\u00f3 totalment frontal, vestit amb l&#8217;h\u00e0bit marr\u00f3 propi de l&#8217;orde francisc\u00e0 i la vistosa corda amb la qual es lligava a la cintura.<\/p>\n","protected":false},"author":7,"featured_media":8393,"comment_status":"open","ping_status":"open","sticky":false,"template":"","format":"standard","meta":{"_acf_changed":false,"footnotes":""},"categories":[10],"tags":[],"class_list":["post-10817","post","type-post","status-publish","format-standard","has-post-thumbnail","hentry","category-obra-de-la-setmana"],"acf":[],"yoast_head":"<!-- This site is optimized with the Yoast SEO plugin v27.4 - https:\/\/yoast.com\/product\/yoast-seo-wordpress\/ -->\n<title>&#039;Sant Francesc d&#039;Ass\u00eds segons la visi\u00f3 del papa Nicolau V&#039; | Amics Museu Nacional<\/title>\n<meta name=\"description\" content=\"L&#039;obra de la setmana \u00e9s Sant Francesc d&#039;Ass\u00eds segons la visi\u00f3 del papa Nicolau V (cap a 1640), del pintor barroc Francisco de Zurbar\u00e1n.\" \/>\n<meta name=\"robots\" content=\"index, follow, max-snippet:-1, max-image-preview:large, max-video-preview:-1\" \/>\n<link rel=\"canonical\" href=\"https:\/\/www.amicsmuseunacional.org\/ca\/obra-de-la-setmana-120\/\" \/>\n<meta property=\"og:locale\" content=\"ca_ES\" \/>\n<meta property=\"og:type\" content=\"article\" \/>\n<meta property=\"og:title\" content=\"&#039;Sant Francesc d&#039;Ass\u00eds segons la visi\u00f3 del papa Nicolau V&#039; | Amics Museu Nacional\" \/>\n<meta property=\"og:description\" content=\"L&#039;obra de la setmana \u00e9s Sant Francesc d&#039;Ass\u00eds segons la visi\u00f3 del papa Nicolau V (cap a 1640), del pintor barroc Francisco de Zurbar\u00e1n.\" \/>\n<meta property=\"og:url\" content=\"https:\/\/www.amicsmuseunacional.org\/ca\/obra-de-la-setmana-120\/\" \/>\n<meta property=\"og:site_name\" content=\"Amics Museu Nacional\" \/>\n<meta property=\"article:published_time\" content=\"2018-12-11T10:29:00+00:00\" \/>\n<meta property=\"article:modified_time\" content=\"2022-06-21T11:19:52+00:00\" \/>\n<meta property=\"og:image\" content=\"https:\/\/www.amicsmuseunacional.org\/wp-content\/uploads\/2022\/02\/PLANTILLAGRIS.jpg\" \/>\n\t<meta property=\"og:image:width\" content=\"2000\" \/>\n\t<meta property=\"og:image:height\" content=\"800\" \/>\n\t<meta property=\"og:image:type\" content=\"image\/jpeg\" \/>\n<meta name=\"author\" content=\"Taulell Amics\" \/>\n<meta name=\"twitter:card\" content=\"summary_large_image\" \/>\n<meta name=\"twitter:label1\" content=\"Escrit per\" \/>\n\t<meta name=\"twitter:data1\" content=\"Taulell Amics\" \/>\n\t<meta name=\"twitter:label2\" content=\"Temps estimat de lectura\" \/>\n\t<meta name=\"twitter:data2\" content=\"1 minut\" \/>\n<script type=\"application\/ld+json\" class=\"yoast-schema-graph\">{\"@context\":\"https:\\\/\\\/schema.org\",\"@graph\":[{\"@type\":\"Article\",\"@id\":\"https:\\\/\\\/www.amicsmuseunacional.org\\\/ca\\\/obra-de-la-setmana-120\\\/#article\",\"isPartOf\":{\"@id\":\"https:\\\/\\\/www.amicsmuseunacional.org\\\/ca\\\/obra-de-la-setmana-120\\\/\"},\"author\":{\"name\":\"Taulell Amics\",\"@id\":\"https:\\\/\\\/www.amicsmuseunacional.org\\\/ca\\\/#\\\/schema\\\/person\\\/5315ad934cbaae3061a270bc69ea6903\"},\"headline\":\"&#8216;Sant Francesc d&#8217;Ass\u00eds segons la visi\u00f3 del papa Nicolau V&#8217;\",\"datePublished\":\"2018-12-11T10:29:00+00:00\",\"dateModified\":\"2022-06-21T11:19:52+00:00\",\"mainEntityOfPage\":{\"@id\":\"https:\\\/\\\/www.amicsmuseunacional.org\\\/ca\\\/obra-de-la-setmana-120\\\/\"},\"wordCount\":165,\"commentCount\":0,\"publisher\":{\"@id\":\"https:\\\/\\\/www.amicsmuseunacional.org\\\/ca\\\/#organization\"},\"image\":{\"@id\":\"https:\\\/\\\/www.amicsmuseunacional.org\\\/ca\\\/obra-de-la-setmana-120\\\/#primaryimage\"},\"thumbnailUrl\":\"https:\\\/\\\/www.amicsmuseunacional.org\\\/wp-content\\\/uploads\\\/2022\\\/02\\\/PLANTILLAGRIS.jpg\",\"articleSection\":[\"Obra de la setmana\"],\"inLanguage\":\"ca\",\"potentialAction\":[{\"@type\":\"CommentAction\",\"name\":\"Comment\",\"target\":[\"https:\\\/\\\/www.amicsmuseunacional.org\\\/ca\\\/obra-de-la-setmana-120\\\/#respond\"]}]},{\"@type\":\"WebPage\",\"@id\":\"https:\\\/\\\/www.amicsmuseunacional.org\\\/ca\\\/obra-de-la-setmana-120\\\/\",\"url\":\"https:\\\/\\\/www.amicsmuseunacional.org\\\/ca\\\/obra-de-la-setmana-120\\\/\",\"name\":\"'Sant Francesc d'Ass\u00eds segons la visi\u00f3 del papa Nicolau V' | Amics Museu Nacional\",\"isPartOf\":{\"@id\":\"https:\\\/\\\/www.amicsmuseunacional.org\\\/ca\\\/#website\"},\"primaryImageOfPage\":{\"@id\":\"https:\\\/\\\/www.amicsmuseunacional.org\\\/ca\\\/obra-de-la-setmana-120\\\/#primaryimage\"},\"image\":{\"@id\":\"https:\\\/\\\/www.amicsmuseunacional.org\\\/ca\\\/obra-de-la-setmana-120\\\/#primaryimage\"},\"thumbnailUrl\":\"https:\\\/\\\/www.amicsmuseunacional.org\\\/wp-content\\\/uploads\\\/2022\\\/02\\\/PLANTILLAGRIS.jpg\",\"datePublished\":\"2018-12-11T10:29:00+00:00\",\"dateModified\":\"2022-06-21T11:19:52+00:00\",\"description\":\"L'obra de la setmana \u00e9s Sant Francesc d'Ass\u00eds segons la visi\u00f3 del papa Nicolau V (cap a 1640), del pintor barroc Francisco de Zurbar\u00e1n.\",\"breadcrumb\":{\"@id\":\"https:\\\/\\\/www.amicsmuseunacional.org\\\/ca\\\/obra-de-la-setmana-120\\\/#breadcrumb\"},\"inLanguage\":\"ca\",\"potentialAction\":[{\"@type\":\"ReadAction\",\"target\":[\"https:\\\/\\\/www.amicsmuseunacional.org\\\/ca\\\/obra-de-la-setmana-120\\\/\"]}]},{\"@type\":\"ImageObject\",\"inLanguage\":\"ca\",\"@id\":\"https:\\\/\\\/www.amicsmuseunacional.org\\\/ca\\\/obra-de-la-setmana-120\\\/#primaryimage\",\"url\":\"https:\\\/\\\/www.amicsmuseunacional.org\\\/wp-content\\\/uploads\\\/2022\\\/02\\\/PLANTILLAGRIS.jpg\",\"contentUrl\":\"https:\\\/\\\/www.amicsmuseunacional.org\\\/wp-content\\\/uploads\\\/2022\\\/02\\\/PLANTILLAGRIS.jpg\",\"width\":2000,\"height\":800},{\"@type\":\"BreadcrumbList\",\"@id\":\"https:\\\/\\\/www.amicsmuseunacional.org\\\/ca\\\/obra-de-la-setmana-120\\\/#breadcrumb\",\"itemListElement\":[{\"@type\":\"ListItem\",\"position\":1,\"name\":\"Inici\",\"item\":\"https:\\\/\\\/www.amicsmuseunacional.org\\\/ca\\\/\"},{\"@type\":\"ListItem\",\"position\":2,\"name\":\"&#8216;Sant Francesc d&#8217;Ass\u00eds segons la visi\u00f3 del papa Nicolau V&#8217;\"}]},{\"@type\":\"WebSite\",\"@id\":\"https:\\\/\\\/www.amicsmuseunacional.org\\\/ca\\\/#website\",\"url\":\"https:\\\/\\\/www.amicsmuseunacional.org\\\/ca\\\/\",\"name\":\"Amics Museu Nacional\",\"description\":\"Una comunitat d&#039;amants del patrimoni que col\u00b7labora amb el Museu Nacional\",\"publisher\":{\"@id\":\"https:\\\/\\\/www.amicsmuseunacional.org\\\/ca\\\/#organization\"},\"potentialAction\":[{\"@type\":\"SearchAction\",\"target\":{\"@type\":\"EntryPoint\",\"urlTemplate\":\"https:\\\/\\\/www.amicsmuseunacional.org\\\/ca\\\/?s={search_term_string}\"},\"query-input\":{\"@type\":\"PropertyValueSpecification\",\"valueRequired\":true,\"valueName\":\"search_term_string\"}}],\"inLanguage\":\"ca\"},{\"@type\":\"Organization\",\"@id\":\"https:\\\/\\\/www.amicsmuseunacional.org\\\/ca\\\/#organization\",\"name\":\"Amics MNAC\",\"url\":\"https:\\\/\\\/www.amicsmuseunacional.org\\\/ca\\\/\",\"logo\":{\"@type\":\"ImageObject\",\"inLanguage\":\"ca\",\"@id\":\"https:\\\/\\\/www.amicsmuseunacional.org\\\/ca\\\/#\\\/schema\\\/logo\\\/image\\\/\",\"url\":\"https:\\\/\\\/www.amicsmuseunacional.org\\\/wp-content\\\/uploads\\\/2021\\\/01\\\/logo-amicsmnac.png\",\"contentUrl\":\"https:\\\/\\\/www.amicsmuseunacional.org\\\/wp-content\\\/uploads\\\/2021\\\/01\\\/logo-amicsmnac.png\",\"width\":260,\"height\":49,\"caption\":\"Amics MNAC\"},\"image\":{\"@id\":\"https:\\\/\\\/www.amicsmuseunacional.org\\\/ca\\\/#\\\/schema\\\/logo\\\/image\\\/\"}},{\"@type\":\"Person\",\"@id\":\"https:\\\/\\\/www.amicsmuseunacional.org\\\/ca\\\/#\\\/schema\\\/person\\\/5315ad934cbaae3061a270bc69ea6903\",\"name\":\"Taulell Amics\",\"sameAs\":[\"Balma\"]}]}<\/script>\n<!-- \/ Yoast SEO plugin. -->","yoast_head_json":{"title":"'Sant Francesc d'Ass\u00eds segons la visi\u00f3 del papa Nicolau V' | Amics Museu Nacional","description":"L'obra de la setmana \u00e9s Sant Francesc d'Ass\u00eds segons la visi\u00f3 del papa Nicolau V (cap a 1640), del pintor barroc Francisco de Zurbar\u00e1n.","robots":{"index":"index","follow":"follow","max-snippet":"max-snippet:-1","max-image-preview":"max-image-preview:large","max-video-preview":"max-video-preview:-1"},"canonical":"https:\/\/www.amicsmuseunacional.org\/ca\/obra-de-la-setmana-120\/","og_locale":"ca_ES","og_type":"article","og_title":"'Sant Francesc d'Ass\u00eds segons la visi\u00f3 del papa Nicolau V' | Amics Museu Nacional","og_description":"L'obra de la setmana \u00e9s Sant Francesc d'Ass\u00eds segons la visi\u00f3 del papa Nicolau V (cap a 1640), del pintor barroc Francisco de Zurbar\u00e1n.","og_url":"https:\/\/www.amicsmuseunacional.org\/ca\/obra-de-la-setmana-120\/","og_site_name":"Amics Museu Nacional","article_published_time":"2018-12-11T10:29:00+00:00","article_modified_time":"2022-06-21T11:19:52+00:00","og_image":[{"width":2000,"height":800,"url":"https:\/\/www.amicsmuseunacional.org\/wp-content\/uploads\/2022\/02\/PLANTILLAGRIS.jpg","type":"image\/jpeg"}],"author":"Taulell Amics","twitter_card":"summary_large_image","twitter_misc":{"Escrit per":"Taulell Amics","Temps estimat de lectura":"1 minut"},"schema":{"@context":"https:\/\/schema.org","@graph":[{"@type":"Article","@id":"https:\/\/www.amicsmuseunacional.org\/ca\/obra-de-la-setmana-120\/#article","isPartOf":{"@id":"https:\/\/www.amicsmuseunacional.org\/ca\/obra-de-la-setmana-120\/"},"author":{"name":"Taulell Amics","@id":"https:\/\/www.amicsmuseunacional.org\/ca\/#\/schema\/person\/5315ad934cbaae3061a270bc69ea6903"},"headline":"&#8216;Sant Francesc d&#8217;Ass\u00eds segons la visi\u00f3 del papa Nicolau V&#8217;","datePublished":"2018-12-11T10:29:00+00:00","dateModified":"2022-06-21T11:19:52+00:00","mainEntityOfPage":{"@id":"https:\/\/www.amicsmuseunacional.org\/ca\/obra-de-la-setmana-120\/"},"wordCount":165,"commentCount":0,"publisher":{"@id":"https:\/\/www.amicsmuseunacional.org\/ca\/#organization"},"image":{"@id":"https:\/\/www.amicsmuseunacional.org\/ca\/obra-de-la-setmana-120\/#primaryimage"},"thumbnailUrl":"https:\/\/www.amicsmuseunacional.org\/wp-content\/uploads\/2022\/02\/PLANTILLAGRIS.jpg","articleSection":["Obra de la setmana"],"inLanguage":"ca","potentialAction":[{"@type":"CommentAction","name":"Comment","target":["https:\/\/www.amicsmuseunacional.org\/ca\/obra-de-la-setmana-120\/#respond"]}]},{"@type":"WebPage","@id":"https:\/\/www.amicsmuseunacional.org\/ca\/obra-de-la-setmana-120\/","url":"https:\/\/www.amicsmuseunacional.org\/ca\/obra-de-la-setmana-120\/","name":"'Sant Francesc d'Ass\u00eds segons la visi\u00f3 del papa Nicolau V' | Amics Museu Nacional","isPartOf":{"@id":"https:\/\/www.amicsmuseunacional.org\/ca\/#website"},"primaryImageOfPage":{"@id":"https:\/\/www.amicsmuseunacional.org\/ca\/obra-de-la-setmana-120\/#primaryimage"},"image":{"@id":"https:\/\/www.amicsmuseunacional.org\/ca\/obra-de-la-setmana-120\/#primaryimage"},"thumbnailUrl":"https:\/\/www.amicsmuseunacional.org\/wp-content\/uploads\/2022\/02\/PLANTILLAGRIS.jpg","datePublished":"2018-12-11T10:29:00+00:00","dateModified":"2022-06-21T11:19:52+00:00","description":"L'obra de la setmana \u00e9s Sant Francesc d'Ass\u00eds segons la visi\u00f3 del papa Nicolau V (cap a 1640), del pintor barroc Francisco de Zurbar\u00e1n.","breadcrumb":{"@id":"https:\/\/www.amicsmuseunacional.org\/ca\/obra-de-la-setmana-120\/#breadcrumb"},"inLanguage":"ca","potentialAction":[{"@type":"ReadAction","target":["https:\/\/www.amicsmuseunacional.org\/ca\/obra-de-la-setmana-120\/"]}]},{"@type":"ImageObject","inLanguage":"ca","@id":"https:\/\/www.amicsmuseunacional.org\/ca\/obra-de-la-setmana-120\/#primaryimage","url":"https:\/\/www.amicsmuseunacional.org\/wp-content\/uploads\/2022\/02\/PLANTILLAGRIS.jpg","contentUrl":"https:\/\/www.amicsmuseunacional.org\/wp-content\/uploads\/2022\/02\/PLANTILLAGRIS.jpg","width":2000,"height":800},{"@type":"BreadcrumbList","@id":"https:\/\/www.amicsmuseunacional.org\/ca\/obra-de-la-setmana-120\/#breadcrumb","itemListElement":[{"@type":"ListItem","position":1,"name":"Inici","item":"https:\/\/www.amicsmuseunacional.org\/ca\/"},{"@type":"ListItem","position":2,"name":"&#8216;Sant Francesc d&#8217;Ass\u00eds segons la visi\u00f3 del papa Nicolau V&#8217;"}]},{"@type":"WebSite","@id":"https:\/\/www.amicsmuseunacional.org\/ca\/#website","url":"https:\/\/www.amicsmuseunacional.org\/ca\/","name":"Amics Museu Nacional","description":"Una comunitat d&#039;amants del patrimoni que col\u00b7labora amb el Museu Nacional","publisher":{"@id":"https:\/\/www.amicsmuseunacional.org\/ca\/#organization"},"potentialAction":[{"@type":"SearchAction","target":{"@type":"EntryPoint","urlTemplate":"https:\/\/www.amicsmuseunacional.org\/ca\/?s={search_term_string}"},"query-input":{"@type":"PropertyValueSpecification","valueRequired":true,"valueName":"search_term_string"}}],"inLanguage":"ca"},{"@type":"Organization","@id":"https:\/\/www.amicsmuseunacional.org\/ca\/#organization","name":"Amics MNAC","url":"https:\/\/www.amicsmuseunacional.org\/ca\/","logo":{"@type":"ImageObject","inLanguage":"ca","@id":"https:\/\/www.amicsmuseunacional.org\/ca\/#\/schema\/logo\/image\/","url":"https:\/\/www.amicsmuseunacional.org\/wp-content\/uploads\/2021\/01\/logo-amicsmnac.png","contentUrl":"https:\/\/www.amicsmuseunacional.org\/wp-content\/uploads\/2021\/01\/logo-amicsmnac.png","width":260,"height":49,"caption":"Amics MNAC"},"image":{"@id":"https:\/\/www.amicsmuseunacional.org\/ca\/#\/schema\/logo\/image\/"}},{"@type":"Person","@id":"https:\/\/www.amicsmuseunacional.org\/ca\/#\/schema\/person\/5315ad934cbaae3061a270bc69ea6903","name":"Taulell Amics","sameAs":["Balma"]}]}},"_links":{"self":[{"href":"https:\/\/www.amicsmuseunacional.org\/ca\/wp-json\/wp\/v2\/posts\/10817","targetHints":{"allow":["GET"]}}],"collection":[{"href":"https:\/\/www.amicsmuseunacional.org\/ca\/wp-json\/wp\/v2\/posts"}],"about":[{"href":"https:\/\/www.amicsmuseunacional.org\/ca\/wp-json\/wp\/v2\/types\/post"}],"author":[{"embeddable":true,"href":"https:\/\/www.amicsmuseunacional.org\/ca\/wp-json\/wp\/v2\/users\/7"}],"replies":[{"embeddable":true,"href":"https:\/\/www.amicsmuseunacional.org\/ca\/wp-json\/wp\/v2\/comments?post=10817"}],"version-history":[{"count":0,"href":"https:\/\/www.amicsmuseunacional.org\/ca\/wp-json\/wp\/v2\/posts\/10817\/revisions"}],"wp:featuredmedia":[{"embeddable":true,"href":"https:\/\/www.amicsmuseunacional.org\/ca\/wp-json\/wp\/v2\/media\/8393"}],"wp:attachment":[{"href":"https:\/\/www.amicsmuseunacional.org\/ca\/wp-json\/wp\/v2\/media?parent=10817"}],"wp:term":[{"taxonomy":"category","embeddable":true,"href":"https:\/\/www.amicsmuseunacional.org\/ca\/wp-json\/wp\/v2\/categories?post=10817"},{"taxonomy":"post_tag","embeddable":true,"href":"https:\/\/www.amicsmuseunacional.org\/ca\/wp-json\/wp\/v2\/tags?post=10817"}],"curies":[{"name":"wp","href":"https:\/\/api.w.org\/{rel}","templated":true}]}}