{"id":25486,"date":"2025-10-23T10:52:21","date_gmt":"2025-10-23T08:52:21","guid":{"rendered":"https:\/\/www.amicsmuseunacional.org\/?p=25486"},"modified":"2025-10-27T14:14:08","modified_gmt":"2025-10-27T13:14:08","slug":"descompte-cicle-musica","status":"publish","type":"post","link":"https:\/\/www.amicsmuseunacional.org\/ca\/descompte-cicle-musica\/","title":{"rendered":"Descompte per a &#8220;Grans int\u00e8rprets del segle XX&#8221;"},"content":{"rendered":"\n<p>Els Amics gaudim d\u2019un 25% de descompte per al cicle de m\u00fasica que s\u2019organitza al Caixaforum del 3 al 24 de novembre del 2025.<\/p>\n\n\n\n<p>Si us interessa la promoci\u00f3, poseu-vos en contacte amb la secretaria dels Amics trucant al 93 622 03 81 o enviant un correu a&nbsp;<em>amics@amicsdelmnac.org&nbsp;<\/em>per a obtenir el codi de descompte.&nbsp;<\/p>\n","protected":false},"excerpt":{"rendered":"<p>Aquest cicle ens convida a descobrir quatre artistes irrepetibles, quatre m\u00fasics que van marcar tota una \u00e8poca amb el seu talent excepcional i una personalitat \u00fanica.<\/p>\n","protected":false},"author":5,"featured_media":25518,"comment_status":"closed","ping_status":"closed","sticky":false,"template":"","format":"standard","meta":{"_acf_changed":false,"footnotes":""},"categories":[61],"tags":[],"class_list":["post-25486","post","type-post","status-publish","format-standard","has-post-thumbnail","hentry","category-informacio-dels-amics"],"acf":[],"yoast_head":"<!-- This site is optimized with the Yoast SEO plugin v27.4 - https:\/\/yoast.com\/product\/yoast-seo-wordpress\/ -->\n<title>Descompte per a &quot;Grans int\u00e8rprets del segle XX&quot; | Amics Museu Nacional<\/title>\n<meta name=\"description\" content=\"Els Amics gaudim d\u2019un 25% de descompte per al cicle de m\u00fasica que s\u2019organitza al Caixaforum del 3 al 24 de novembre del 2025.\" \/>\n<meta name=\"robots\" content=\"index, follow, max-snippet:-1, max-image-preview:large, max-video-preview:-1\" \/>\n<link rel=\"canonical\" href=\"https:\/\/www.amicsmuseunacional.org\/ca\/descompte-cicle-musica\/\" \/>\n<meta property=\"og:locale\" content=\"ca_ES\" \/>\n<meta property=\"og:type\" content=\"article\" \/>\n<meta property=\"og:title\" content=\"Descompte per a &quot;Grans int\u00e8rprets del segle XX&quot; | Amics Museu Nacional\" \/>\n<meta property=\"og:description\" content=\"Els Amics gaudim d\u2019un 25% de descompte per al cicle de m\u00fasica que s\u2019organitza al Caixaforum del 3 al 24 de novembre del 2025.\" \/>\n<meta property=\"og:url\" content=\"https:\/\/www.amicsmuseunacional.org\/ca\/descompte-cicle-musica\/\" \/>\n<meta property=\"og:site_name\" content=\"Amics Museu Nacional\" \/>\n<meta property=\"article:published_time\" content=\"2025-10-23T08:52:21+00:00\" \/>\n<meta property=\"article:modified_time\" content=\"2025-10-27T13:14:08+00:00\" \/>\n<meta property=\"og:image\" content=\"https:\/\/www.amicsmuseunacional.org\/wp-content\/uploads\/2025\/10\/20251023-imatge-curs-caixaforum.jpg\" \/>\n\t<meta property=\"og:image:width\" content=\"2000\" \/>\n\t<meta property=\"og:image:height\" content=\"555\" \/>\n\t<meta property=\"og:image:type\" content=\"image\/jpeg\" \/>\n<meta name=\"author\" content=\"Laura Melgarejo\" \/>\n<meta name=\"twitter:card\" content=\"summary_large_image\" \/>\n<meta name=\"twitter:label1\" content=\"Escrit per\" \/>\n\t<meta name=\"twitter:data1\" content=\"Laura Melgarejo\" \/>\n\t<meta name=\"twitter:label2\" content=\"Temps estimat de lectura\" \/>\n\t<meta name=\"twitter:data2\" content=\"2 minuts\" \/>\n<script type=\"application\/ld+json\" class=\"yoast-schema-graph\">{\"@context\":\"https:\\\/\\\/schema.org\",\"@graph\":[{\"@type\":\"Article\",\"@id\":\"https:\\\/\\\/www.amicsmuseunacional.org\\\/ca\\\/descompte-cicle-musica\\\/#article\",\"isPartOf\":{\"@id\":\"https:\\\/\\\/www.amicsmuseunacional.org\\\/ca\\\/descompte-cicle-musica\\\/\"},\"author\":{\"name\":\"Laura Melgarejo\",\"@id\":\"https:\\\/\\\/www.amicsmuseunacional.org\\\/ca\\\/#\\\/schema\\\/person\\\/53aec62d92da16a9063eb3d76e5c875e\"},\"headline\":\"Descompte per a &#8220;Grans int\u00e8rprets del segle XX&#8221;\",\"datePublished\":\"2025-10-23T08:52:21+00:00\",\"dateModified\":\"2025-10-27T13:14:08+00:00\",\"mainEntityOfPage\":{\"@id\":\"https:\\\/\\\/www.amicsmuseunacional.org\\\/ca\\\/descompte-cicle-musica\\\/\"},\"wordCount\":65,\"publisher\":{\"@id\":\"https:\\\/\\\/www.amicsmuseunacional.org\\\/ca\\\/#organization\"},\"image\":{\"@id\":\"https:\\\/\\\/www.amicsmuseunacional.org\\\/ca\\\/descompte-cicle-musica\\\/#primaryimage\"},\"thumbnailUrl\":\"https:\\\/\\\/www.amicsmuseunacional.org\\\/wp-content\\\/uploads\\\/2025\\\/10\\\/20251023-imatge-curs-caixaforum.jpg\",\"articleSection\":[\"Informaci\u00f3 dels Amics\"],\"inLanguage\":\"ca\"},{\"@type\":\"WebPage\",\"@id\":\"https:\\\/\\\/www.amicsmuseunacional.org\\\/ca\\\/descompte-cicle-musica\\\/\",\"url\":\"https:\\\/\\\/www.amicsmuseunacional.org\\\/ca\\\/descompte-cicle-musica\\\/\",\"name\":\"Descompte per a \\\"Grans int\u00e8rprets del segle XX\\\" | Amics Museu Nacional\",\"isPartOf\":{\"@id\":\"https:\\\/\\\/www.amicsmuseunacional.org\\\/ca\\\/#website\"},\"primaryImageOfPage\":{\"@id\":\"https:\\\/\\\/www.amicsmuseunacional.org\\\/ca\\\/descompte-cicle-musica\\\/#primaryimage\"},\"image\":{\"@id\":\"https:\\\/\\\/www.amicsmuseunacional.org\\\/ca\\\/descompte-cicle-musica\\\/#primaryimage\"},\"thumbnailUrl\":\"https:\\\/\\\/www.amicsmuseunacional.org\\\/wp-content\\\/uploads\\\/2025\\\/10\\\/20251023-imatge-curs-caixaforum.jpg\",\"datePublished\":\"2025-10-23T08:52:21+00:00\",\"dateModified\":\"2025-10-27T13:14:08+00:00\",\"description\":\"Els Amics gaudim d\u2019un 25% de descompte per al cicle de m\u00fasica que s\u2019organitza al Caixaforum del 3 al 24 de novembre del 2025.\",\"breadcrumb\":{\"@id\":\"https:\\\/\\\/www.amicsmuseunacional.org\\\/ca\\\/descompte-cicle-musica\\\/#breadcrumb\"},\"inLanguage\":\"ca\",\"potentialAction\":[{\"@type\":\"ReadAction\",\"target\":[\"https:\\\/\\\/www.amicsmuseunacional.org\\\/ca\\\/descompte-cicle-musica\\\/\"]}]},{\"@type\":\"ImageObject\",\"inLanguage\":\"ca\",\"@id\":\"https:\\\/\\\/www.amicsmuseunacional.org\\\/ca\\\/descompte-cicle-musica\\\/#primaryimage\",\"url\":\"https:\\\/\\\/www.amicsmuseunacional.org\\\/wp-content\\\/uploads\\\/2025\\\/10\\\/20251023-imatge-curs-caixaforum.jpg\",\"contentUrl\":\"https:\\\/\\\/www.amicsmuseunacional.org\\\/wp-content\\\/uploads\\\/2025\\\/10\\\/20251023-imatge-curs-caixaforum.jpg\",\"width\":2000,\"height\":555},{\"@type\":\"BreadcrumbList\",\"@id\":\"https:\\\/\\\/www.amicsmuseunacional.org\\\/ca\\\/descompte-cicle-musica\\\/#breadcrumb\",\"itemListElement\":[{\"@type\":\"ListItem\",\"position\":1,\"name\":\"Inici\",\"item\":\"https:\\\/\\\/www.amicsmuseunacional.org\\\/ca\\\/\"},{\"@type\":\"ListItem\",\"position\":2,\"name\":\"Descompte per a &#8220;Grans int\u00e8rprets del segle XX&#8221;\"}]},{\"@type\":\"WebSite\",\"@id\":\"https:\\\/\\\/www.amicsmuseunacional.org\\\/ca\\\/#website\",\"url\":\"https:\\\/\\\/www.amicsmuseunacional.org\\\/ca\\\/\",\"name\":\"Amics Museu Nacional\",\"description\":\"Una comunitat d&#039;amants del patrimoni que col\u00b7labora amb el Museu Nacional\",\"publisher\":{\"@id\":\"https:\\\/\\\/www.amicsmuseunacional.org\\\/ca\\\/#organization\"},\"potentialAction\":[{\"@type\":\"SearchAction\",\"target\":{\"@type\":\"EntryPoint\",\"urlTemplate\":\"https:\\\/\\\/www.amicsmuseunacional.org\\\/ca\\\/?s={search_term_string}\"},\"query-input\":{\"@type\":\"PropertyValueSpecification\",\"valueRequired\":true,\"valueName\":\"search_term_string\"}}],\"inLanguage\":\"ca\"},{\"@type\":\"Organization\",\"@id\":\"https:\\\/\\\/www.amicsmuseunacional.org\\\/ca\\\/#organization\",\"name\":\"Amics MNAC\",\"url\":\"https:\\\/\\\/www.amicsmuseunacional.org\\\/ca\\\/\",\"logo\":{\"@type\":\"ImageObject\",\"inLanguage\":\"ca\",\"@id\":\"https:\\\/\\\/www.amicsmuseunacional.org\\\/ca\\\/#\\\/schema\\\/logo\\\/image\\\/\",\"url\":\"https:\\\/\\\/www.amicsmuseunacional.org\\\/wp-content\\\/uploads\\\/2021\\\/01\\\/logo-amicsmnac.png\",\"contentUrl\":\"https:\\\/\\\/www.amicsmuseunacional.org\\\/wp-content\\\/uploads\\\/2021\\\/01\\\/logo-amicsmnac.png\",\"width\":260,\"height\":49,\"caption\":\"Amics MNAC\"},\"image\":{\"@id\":\"https:\\\/\\\/www.amicsmuseunacional.org\\\/ca\\\/#\\\/schema\\\/logo\\\/image\\\/\"}},{\"@type\":\"Person\",\"@id\":\"https:\\\/\\\/www.amicsmuseunacional.org\\\/ca\\\/#\\\/schema\\\/person\\\/53aec62d92da16a9063eb3d76e5c875e\",\"name\":\"Laura Melgarejo\"}]}<\/script>\n<!-- \/ Yoast SEO plugin. -->","yoast_head_json":{"title":"Descompte per a \"Grans int\u00e8rprets del segle XX\" | Amics Museu Nacional","description":"Els Amics gaudim d\u2019un 25% de descompte per al cicle de m\u00fasica que s\u2019organitza al Caixaforum del 3 al 24 de novembre del 2025.","robots":{"index":"index","follow":"follow","max-snippet":"max-snippet:-1","max-image-preview":"max-image-preview:large","max-video-preview":"max-video-preview:-1"},"canonical":"https:\/\/www.amicsmuseunacional.org\/ca\/descompte-cicle-musica\/","og_locale":"ca_ES","og_type":"article","og_title":"Descompte per a \"Grans int\u00e8rprets del segle XX\" | Amics Museu Nacional","og_description":"Els Amics gaudim d\u2019un 25% de descompte per al cicle de m\u00fasica que s\u2019organitza al Caixaforum del 3 al 24 de novembre del 2025.","og_url":"https:\/\/www.amicsmuseunacional.org\/ca\/descompte-cicle-musica\/","og_site_name":"Amics Museu Nacional","article_published_time":"2025-10-23T08:52:21+00:00","article_modified_time":"2025-10-27T13:14:08+00:00","og_image":[{"width":2000,"height":555,"url":"https:\/\/www.amicsmuseunacional.org\/wp-content\/uploads\/2025\/10\/20251023-imatge-curs-caixaforum.jpg","type":"image\/jpeg"}],"author":"Laura Melgarejo","twitter_card":"summary_large_image","twitter_misc":{"Escrit per":"Laura Melgarejo","Temps estimat de lectura":"2 minuts"},"schema":{"@context":"https:\/\/schema.org","@graph":[{"@type":"Article","@id":"https:\/\/www.amicsmuseunacional.org\/ca\/descompte-cicle-musica\/#article","isPartOf":{"@id":"https:\/\/www.amicsmuseunacional.org\/ca\/descompte-cicle-musica\/"},"author":{"name":"Laura Melgarejo","@id":"https:\/\/www.amicsmuseunacional.org\/ca\/#\/schema\/person\/53aec62d92da16a9063eb3d76e5c875e"},"headline":"Descompte per a &#8220;Grans int\u00e8rprets del segle XX&#8221;","datePublished":"2025-10-23T08:52:21+00:00","dateModified":"2025-10-27T13:14:08+00:00","mainEntityOfPage":{"@id":"https:\/\/www.amicsmuseunacional.org\/ca\/descompte-cicle-musica\/"},"wordCount":65,"publisher":{"@id":"https:\/\/www.amicsmuseunacional.org\/ca\/#organization"},"image":{"@id":"https:\/\/www.amicsmuseunacional.org\/ca\/descompte-cicle-musica\/#primaryimage"},"thumbnailUrl":"https:\/\/www.amicsmuseunacional.org\/wp-content\/uploads\/2025\/10\/20251023-imatge-curs-caixaforum.jpg","articleSection":["Informaci\u00f3 dels Amics"],"inLanguage":"ca"},{"@type":"WebPage","@id":"https:\/\/www.amicsmuseunacional.org\/ca\/descompte-cicle-musica\/","url":"https:\/\/www.amicsmuseunacional.org\/ca\/descompte-cicle-musica\/","name":"Descompte per a \"Grans int\u00e8rprets del segle XX\" | Amics Museu Nacional","isPartOf":{"@id":"https:\/\/www.amicsmuseunacional.org\/ca\/#website"},"primaryImageOfPage":{"@id":"https:\/\/www.amicsmuseunacional.org\/ca\/descompte-cicle-musica\/#primaryimage"},"image":{"@id":"https:\/\/www.amicsmuseunacional.org\/ca\/descompte-cicle-musica\/#primaryimage"},"thumbnailUrl":"https:\/\/www.amicsmuseunacional.org\/wp-content\/uploads\/2025\/10\/20251023-imatge-curs-caixaforum.jpg","datePublished":"2025-10-23T08:52:21+00:00","dateModified":"2025-10-27T13:14:08+00:00","description":"Els Amics gaudim d\u2019un 25% de descompte per al cicle de m\u00fasica que s\u2019organitza al Caixaforum del 3 al 24 de novembre del 2025.","breadcrumb":{"@id":"https:\/\/www.amicsmuseunacional.org\/ca\/descompte-cicle-musica\/#breadcrumb"},"inLanguage":"ca","potentialAction":[{"@type":"ReadAction","target":["https:\/\/www.amicsmuseunacional.org\/ca\/descompte-cicle-musica\/"]}]},{"@type":"ImageObject","inLanguage":"ca","@id":"https:\/\/www.amicsmuseunacional.org\/ca\/descompte-cicle-musica\/#primaryimage","url":"https:\/\/www.amicsmuseunacional.org\/wp-content\/uploads\/2025\/10\/20251023-imatge-curs-caixaforum.jpg","contentUrl":"https:\/\/www.amicsmuseunacional.org\/wp-content\/uploads\/2025\/10\/20251023-imatge-curs-caixaforum.jpg","width":2000,"height":555},{"@type":"BreadcrumbList","@id":"https:\/\/www.amicsmuseunacional.org\/ca\/descompte-cicle-musica\/#breadcrumb","itemListElement":[{"@type":"ListItem","position":1,"name":"Inici","item":"https:\/\/www.amicsmuseunacional.org\/ca\/"},{"@type":"ListItem","position":2,"name":"Descompte per a &#8220;Grans int\u00e8rprets del segle XX&#8221;"}]},{"@type":"WebSite","@id":"https:\/\/www.amicsmuseunacional.org\/ca\/#website","url":"https:\/\/www.amicsmuseunacional.org\/ca\/","name":"Amics Museu Nacional","description":"Una comunitat d&#039;amants del patrimoni que col\u00b7labora amb el Museu Nacional","publisher":{"@id":"https:\/\/www.amicsmuseunacional.org\/ca\/#organization"},"potentialAction":[{"@type":"SearchAction","target":{"@type":"EntryPoint","urlTemplate":"https:\/\/www.amicsmuseunacional.org\/ca\/?s={search_term_string}"},"query-input":{"@type":"PropertyValueSpecification","valueRequired":true,"valueName":"search_term_string"}}],"inLanguage":"ca"},{"@type":"Organization","@id":"https:\/\/www.amicsmuseunacional.org\/ca\/#organization","name":"Amics MNAC","url":"https:\/\/www.amicsmuseunacional.org\/ca\/","logo":{"@type":"ImageObject","inLanguage":"ca","@id":"https:\/\/www.amicsmuseunacional.org\/ca\/#\/schema\/logo\/image\/","url":"https:\/\/www.amicsmuseunacional.org\/wp-content\/uploads\/2021\/01\/logo-amicsmnac.png","contentUrl":"https:\/\/www.amicsmuseunacional.org\/wp-content\/uploads\/2021\/01\/logo-amicsmnac.png","width":260,"height":49,"caption":"Amics MNAC"},"image":{"@id":"https:\/\/www.amicsmuseunacional.org\/ca\/#\/schema\/logo\/image\/"}},{"@type":"Person","@id":"https:\/\/www.amicsmuseunacional.org\/ca\/#\/schema\/person\/53aec62d92da16a9063eb3d76e5c875e","name":"Laura Melgarejo"}]}},"_links":{"self":[{"href":"https:\/\/www.amicsmuseunacional.org\/ca\/wp-json\/wp\/v2\/posts\/25486","targetHints":{"allow":["GET"]}}],"collection":[{"href":"https:\/\/www.amicsmuseunacional.org\/ca\/wp-json\/wp\/v2\/posts"}],"about":[{"href":"https:\/\/www.amicsmuseunacional.org\/ca\/wp-json\/wp\/v2\/types\/post"}],"author":[{"embeddable":true,"href":"https:\/\/www.amicsmuseunacional.org\/ca\/wp-json\/wp\/v2\/users\/5"}],"replies":[{"embeddable":true,"href":"https:\/\/www.amicsmuseunacional.org\/ca\/wp-json\/wp\/v2\/comments?post=25486"}],"version-history":[{"count":0,"href":"https:\/\/www.amicsmuseunacional.org\/ca\/wp-json\/wp\/v2\/posts\/25486\/revisions"}],"wp:featuredmedia":[{"embeddable":true,"href":"https:\/\/www.amicsmuseunacional.org\/ca\/wp-json\/wp\/v2\/media\/25518"}],"wp:attachment":[{"href":"https:\/\/www.amicsmuseunacional.org\/ca\/wp-json\/wp\/v2\/media?parent=25486"}],"wp:term":[{"taxonomy":"category","embeddable":true,"href":"https:\/\/www.amicsmuseunacional.org\/ca\/wp-json\/wp\/v2\/categories?post=25486"},{"taxonomy":"post_tag","embeddable":true,"href":"https:\/\/www.amicsmuseunacional.org\/ca\/wp-json\/wp\/v2\/tags?post=25486"}],"curies":[{"name":"wp","href":"https:\/\/api.w.org\/{rel}","templated":true}]}}