{"id":25542,"date":"2025-10-27T10:25:04","date_gmt":"2025-10-27T09:25:04","guid":{"rendered":"https:\/\/www.amicsmuseunacional.org\/?p=25542"},"modified":"2025-11-13T11:17:08","modified_gmt":"2025-11-13T10:17:08","slug":"obra-de-la-setmana-426-2","status":"publish","type":"post","link":"https:\/\/www.amicsmuseunacional.org\/ca\/obra-de-la-setmana-426-2\/","title":{"rendered":"&#8220;Soldat&#8221;"},"content":{"rendered":"\n<p>L&#8217;obra de la setmana \u00e9s el dibuix <em>Soldat<\/em>, fet entre 1936 i 1939 pel pintor i dibuixant barcelon\u00ed <a href=\"https:\/\/ca.wikipedia.org\/wiki\/Ramon_Calsina_i_Bar%25C3%25B3\">Ramon Calsina i Bar\u00f3<\/a> (1901-1992).<\/p>\n\n\n\n<p>Un soldat fa gu\u00e0rdia tot sol al mig d&#8217;un campament militar en una nit de lluna plena. L&#8217;home, assegut sobre una caixa de fusta amb un got a la m\u00e0 dreta i un fusell amb la baioneta calada entre les cames, ha girat el cap de cop cap a la seva esquerra perqu\u00e8 alguna cosa l&#8217;ha espantat. El seu rostre desencaixat, amb els ulls esbatanats i la boca entreoberta, \u00e9s la viva expressi\u00f3 del terror, la sorpresa i el desconcert. All\u00f2 que est\u00e0 veient ha deixat l&#8217;home totalment garratibat, amb la m\u00e0 i el bra\u00e7 drets paralitzats a mitja al\u00e7ada i la m\u00e0 esquerra encara aferrada al fusell, com si el que ha descobert no li hagu\u00e9s\u00a0activat encara cap reacci\u00f3 de defensa o d&#8217;atac. L&#8217;aspecte desmanegat del soldat, amb el cap mig embenat i cobert per una gorra i la barba llarga i mal afaitada, encara li dona una imatge m\u00e9s pobra i desvalguda.\u00a0<\/p>\n","protected":false},"excerpt":{"rendered":"<p>L&#8217;obra de la setmana \u00e9s el dibuix Soldat, fet entre 1936 i 1939 pel pintor i dibuixant barcelon\u00ed Ramon Calsina i Bar\u00f3 (1901-1992). L&#8217;artista treu profit de les seves extraordin\u00e0ries dots com a dibuixant.<\/p>\n","protected":false},"author":5,"featured_media":25543,"comment_status":"closed","ping_status":"closed","sticky":false,"template":"","format":"standard","meta":{"_acf_changed":false,"footnotes":""},"categories":[10],"tags":[],"class_list":["post-25542","post","type-post","status-publish","format-standard","has-post-thumbnail","hentry","category-obra-de-la-setmana"],"acf":[],"yoast_head":"<!-- This site is optimized with the Yoast SEO plugin v27.4 - https:\/\/yoast.com\/product\/yoast-seo-wordpress\/ -->\n<title>&quot;Soldat&quot; | Amics Museu Nacional<\/title>\n<meta name=\"description\" content=\"L&#039;obra de la setmana \u00e9s el dibuix Soldat, fet entre 1936 i 1939 pel pintor i dibuixant barcelon\u00ed Ramon Calsina i Bar\u00f3 (1901-1992). Un soldat fa gu\u00e0rdia tot sol al mig d&#039;un campament militar en una nit de lluna plena.\" \/>\n<meta name=\"robots\" content=\"index, follow, max-snippet:-1, max-image-preview:large, max-video-preview:-1\" \/>\n<link rel=\"canonical\" href=\"https:\/\/www.amicsmuseunacional.org\/ca\/obra-de-la-setmana-426-2\/\" \/>\n<meta property=\"og:locale\" content=\"ca_ES\" \/>\n<meta property=\"og:type\" content=\"article\" \/>\n<meta property=\"og:title\" content=\"&quot;Soldat&quot; | Amics Museu Nacional\" \/>\n<meta property=\"og:description\" content=\"L&#039;obra de la setmana \u00e9s el dibuix Soldat, fet entre 1936 i 1939 pel pintor i dibuixant barcelon\u00ed Ramon Calsina i Bar\u00f3 (1901-1992). Un soldat fa gu\u00e0rdia tot sol al mig d&#039;un campament militar en una nit de lluna plena.\" \/>\n<meta property=\"og:url\" content=\"https:\/\/www.amicsmuseunacional.org\/ca\/obra-de-la-setmana-426-2\/\" \/>\n<meta property=\"og:site_name\" content=\"Amics Museu Nacional\" \/>\n<meta property=\"article:published_time\" content=\"2025-10-27T09:25:04+00:00\" \/>\n<meta property=\"article:modified_time\" content=\"2025-11-13T10:17:08+00:00\" \/>\n<meta property=\"og:image\" content=\"https:\/\/www.amicsmuseunacional.org\/wp-content\/uploads\/2025\/10\/OBRAW-2.jpg\" \/>\n\t<meta property=\"og:image:width\" content=\"2000\" \/>\n\t<meta property=\"og:image:height\" content=\"500\" \/>\n\t<meta property=\"og:image:type\" content=\"image\/jpeg\" \/>\n<meta name=\"author\" content=\"Laura Melgarejo\" \/>\n<meta name=\"twitter:card\" content=\"summary_large_image\" \/>\n<meta name=\"twitter:label1\" content=\"Escrit per\" \/>\n\t<meta name=\"twitter:data1\" content=\"Laura Melgarejo\" \/>\n\t<meta name=\"twitter:label2\" content=\"Temps estimat de lectura\" \/>\n\t<meta name=\"twitter:data2\" content=\"5 minuts\" \/>\n<script type=\"application\/ld+json\" class=\"yoast-schema-graph\">{\"@context\":\"https:\\\/\\\/schema.org\",\"@graph\":[{\"@type\":\"Article\",\"@id\":\"https:\\\/\\\/www.amicsmuseunacional.org\\\/ca\\\/obra-de-la-setmana-426-2\\\/#article\",\"isPartOf\":{\"@id\":\"https:\\\/\\\/www.amicsmuseunacional.org\\\/ca\\\/obra-de-la-setmana-426-2\\\/\"},\"author\":{\"name\":\"Laura Melgarejo\",\"@id\":\"https:\\\/\\\/www.amicsmuseunacional.org\\\/ca\\\/#\\\/schema\\\/person\\\/53aec62d92da16a9063eb3d76e5c875e\"},\"headline\":\"&#8220;Soldat&#8221;\",\"datePublished\":\"2025-10-27T09:25:04+00:00\",\"dateModified\":\"2025-11-13T10:17:08+00:00\",\"mainEntityOfPage\":{\"@id\":\"https:\\\/\\\/www.amicsmuseunacional.org\\\/ca\\\/obra-de-la-setmana-426-2\\\/\"},\"wordCount\":188,\"publisher\":{\"@id\":\"https:\\\/\\\/www.amicsmuseunacional.org\\\/ca\\\/#organization\"},\"image\":{\"@id\":\"https:\\\/\\\/www.amicsmuseunacional.org\\\/ca\\\/obra-de-la-setmana-426-2\\\/#primaryimage\"},\"thumbnailUrl\":\"https:\\\/\\\/www.amicsmuseunacional.org\\\/wp-content\\\/uploads\\\/2025\\\/10\\\/OBRAW-2.jpg\",\"articleSection\":[\"Obra de la setmana\"],\"inLanguage\":\"ca\"},{\"@type\":\"WebPage\",\"@id\":\"https:\\\/\\\/www.amicsmuseunacional.org\\\/ca\\\/obra-de-la-setmana-426-2\\\/\",\"url\":\"https:\\\/\\\/www.amicsmuseunacional.org\\\/ca\\\/obra-de-la-setmana-426-2\\\/\",\"name\":\"\\\"Soldat\\\" | Amics Museu Nacional\",\"isPartOf\":{\"@id\":\"https:\\\/\\\/www.amicsmuseunacional.org\\\/ca\\\/#website\"},\"primaryImageOfPage\":{\"@id\":\"https:\\\/\\\/www.amicsmuseunacional.org\\\/ca\\\/obra-de-la-setmana-426-2\\\/#primaryimage\"},\"image\":{\"@id\":\"https:\\\/\\\/www.amicsmuseunacional.org\\\/ca\\\/obra-de-la-setmana-426-2\\\/#primaryimage\"},\"thumbnailUrl\":\"https:\\\/\\\/www.amicsmuseunacional.org\\\/wp-content\\\/uploads\\\/2025\\\/10\\\/OBRAW-2.jpg\",\"datePublished\":\"2025-10-27T09:25:04+00:00\",\"dateModified\":\"2025-11-13T10:17:08+00:00\",\"description\":\"L'obra de la setmana \u00e9s el dibuix Soldat, fet entre 1936 i 1939 pel pintor i dibuixant barcelon\u00ed Ramon Calsina i Bar\u00f3 (1901-1992). Un soldat fa gu\u00e0rdia tot sol al mig d'un campament militar en una nit de lluna plena.\",\"breadcrumb\":{\"@id\":\"https:\\\/\\\/www.amicsmuseunacional.org\\\/ca\\\/obra-de-la-setmana-426-2\\\/#breadcrumb\"},\"inLanguage\":\"ca\",\"potentialAction\":[{\"@type\":\"ReadAction\",\"target\":[\"https:\\\/\\\/www.amicsmuseunacional.org\\\/ca\\\/obra-de-la-setmana-426-2\\\/\"]}]},{\"@type\":\"ImageObject\",\"inLanguage\":\"ca\",\"@id\":\"https:\\\/\\\/www.amicsmuseunacional.org\\\/ca\\\/obra-de-la-setmana-426-2\\\/#primaryimage\",\"url\":\"https:\\\/\\\/www.amicsmuseunacional.org\\\/wp-content\\\/uploads\\\/2025\\\/10\\\/OBRAW-2.jpg\",\"contentUrl\":\"https:\\\/\\\/www.amicsmuseunacional.org\\\/wp-content\\\/uploads\\\/2025\\\/10\\\/OBRAW-2.jpg\",\"width\":2000,\"height\":500},{\"@type\":\"BreadcrumbList\",\"@id\":\"https:\\\/\\\/www.amicsmuseunacional.org\\\/ca\\\/obra-de-la-setmana-426-2\\\/#breadcrumb\",\"itemListElement\":[{\"@type\":\"ListItem\",\"position\":1,\"name\":\"Inici\",\"item\":\"https:\\\/\\\/www.amicsmuseunacional.org\\\/ca\\\/\"},{\"@type\":\"ListItem\",\"position\":2,\"name\":\"&#8220;Soldat&#8221;\"}]},{\"@type\":\"WebSite\",\"@id\":\"https:\\\/\\\/www.amicsmuseunacional.org\\\/ca\\\/#website\",\"url\":\"https:\\\/\\\/www.amicsmuseunacional.org\\\/ca\\\/\",\"name\":\"Amics Museu Nacional\",\"description\":\"Una comunitat d&#039;amants del patrimoni que col\u00b7labora amb el Museu Nacional\",\"publisher\":{\"@id\":\"https:\\\/\\\/www.amicsmuseunacional.org\\\/ca\\\/#organization\"},\"potentialAction\":[{\"@type\":\"SearchAction\",\"target\":{\"@type\":\"EntryPoint\",\"urlTemplate\":\"https:\\\/\\\/www.amicsmuseunacional.org\\\/ca\\\/?s={search_term_string}\"},\"query-input\":{\"@type\":\"PropertyValueSpecification\",\"valueRequired\":true,\"valueName\":\"search_term_string\"}}],\"inLanguage\":\"ca\"},{\"@type\":\"Organization\",\"@id\":\"https:\\\/\\\/www.amicsmuseunacional.org\\\/ca\\\/#organization\",\"name\":\"Amics MNAC\",\"url\":\"https:\\\/\\\/www.amicsmuseunacional.org\\\/ca\\\/\",\"logo\":{\"@type\":\"ImageObject\",\"inLanguage\":\"ca\",\"@id\":\"https:\\\/\\\/www.amicsmuseunacional.org\\\/ca\\\/#\\\/schema\\\/logo\\\/image\\\/\",\"url\":\"https:\\\/\\\/www.amicsmuseunacional.org\\\/wp-content\\\/uploads\\\/2021\\\/01\\\/logo-amicsmnac.png\",\"contentUrl\":\"https:\\\/\\\/www.amicsmuseunacional.org\\\/wp-content\\\/uploads\\\/2021\\\/01\\\/logo-amicsmnac.png\",\"width\":260,\"height\":49,\"caption\":\"Amics MNAC\"},\"image\":{\"@id\":\"https:\\\/\\\/www.amicsmuseunacional.org\\\/ca\\\/#\\\/schema\\\/logo\\\/image\\\/\"}},{\"@type\":\"Person\",\"@id\":\"https:\\\/\\\/www.amicsmuseunacional.org\\\/ca\\\/#\\\/schema\\\/person\\\/53aec62d92da16a9063eb3d76e5c875e\",\"name\":\"Laura Melgarejo\"}]}<\/script>\n<!-- \/ Yoast SEO plugin. -->","yoast_head_json":{"title":"\"Soldat\" | Amics Museu Nacional","description":"L'obra de la setmana \u00e9s el dibuix Soldat, fet entre 1936 i 1939 pel pintor i dibuixant barcelon\u00ed Ramon Calsina i Bar\u00f3 (1901-1992). Un soldat fa gu\u00e0rdia tot sol al mig d'un campament militar en una nit de lluna plena.","robots":{"index":"index","follow":"follow","max-snippet":"max-snippet:-1","max-image-preview":"max-image-preview:large","max-video-preview":"max-video-preview:-1"},"canonical":"https:\/\/www.amicsmuseunacional.org\/ca\/obra-de-la-setmana-426-2\/","og_locale":"ca_ES","og_type":"article","og_title":"\"Soldat\" | Amics Museu Nacional","og_description":"L'obra de la setmana \u00e9s el dibuix Soldat, fet entre 1936 i 1939 pel pintor i dibuixant barcelon\u00ed Ramon Calsina i Bar\u00f3 (1901-1992). Un soldat fa gu\u00e0rdia tot sol al mig d'un campament militar en una nit de lluna plena.","og_url":"https:\/\/www.amicsmuseunacional.org\/ca\/obra-de-la-setmana-426-2\/","og_site_name":"Amics Museu Nacional","article_published_time":"2025-10-27T09:25:04+00:00","article_modified_time":"2025-11-13T10:17:08+00:00","og_image":[{"width":2000,"height":500,"url":"https:\/\/www.amicsmuseunacional.org\/wp-content\/uploads\/2025\/10\/OBRAW-2.jpg","type":"image\/jpeg"}],"author":"Laura Melgarejo","twitter_card":"summary_large_image","twitter_misc":{"Escrit per":"Laura Melgarejo","Temps estimat de lectura":"5 minuts"},"schema":{"@context":"https:\/\/schema.org","@graph":[{"@type":"Article","@id":"https:\/\/www.amicsmuseunacional.org\/ca\/obra-de-la-setmana-426-2\/#article","isPartOf":{"@id":"https:\/\/www.amicsmuseunacional.org\/ca\/obra-de-la-setmana-426-2\/"},"author":{"name":"Laura Melgarejo","@id":"https:\/\/www.amicsmuseunacional.org\/ca\/#\/schema\/person\/53aec62d92da16a9063eb3d76e5c875e"},"headline":"&#8220;Soldat&#8221;","datePublished":"2025-10-27T09:25:04+00:00","dateModified":"2025-11-13T10:17:08+00:00","mainEntityOfPage":{"@id":"https:\/\/www.amicsmuseunacional.org\/ca\/obra-de-la-setmana-426-2\/"},"wordCount":188,"publisher":{"@id":"https:\/\/www.amicsmuseunacional.org\/ca\/#organization"},"image":{"@id":"https:\/\/www.amicsmuseunacional.org\/ca\/obra-de-la-setmana-426-2\/#primaryimage"},"thumbnailUrl":"https:\/\/www.amicsmuseunacional.org\/wp-content\/uploads\/2025\/10\/OBRAW-2.jpg","articleSection":["Obra de la setmana"],"inLanguage":"ca"},{"@type":"WebPage","@id":"https:\/\/www.amicsmuseunacional.org\/ca\/obra-de-la-setmana-426-2\/","url":"https:\/\/www.amicsmuseunacional.org\/ca\/obra-de-la-setmana-426-2\/","name":"\"Soldat\" | Amics Museu Nacional","isPartOf":{"@id":"https:\/\/www.amicsmuseunacional.org\/ca\/#website"},"primaryImageOfPage":{"@id":"https:\/\/www.amicsmuseunacional.org\/ca\/obra-de-la-setmana-426-2\/#primaryimage"},"image":{"@id":"https:\/\/www.amicsmuseunacional.org\/ca\/obra-de-la-setmana-426-2\/#primaryimage"},"thumbnailUrl":"https:\/\/www.amicsmuseunacional.org\/wp-content\/uploads\/2025\/10\/OBRAW-2.jpg","datePublished":"2025-10-27T09:25:04+00:00","dateModified":"2025-11-13T10:17:08+00:00","description":"L'obra de la setmana \u00e9s el dibuix Soldat, fet entre 1936 i 1939 pel pintor i dibuixant barcelon\u00ed Ramon Calsina i Bar\u00f3 (1901-1992). Un soldat fa gu\u00e0rdia tot sol al mig d'un campament militar en una nit de lluna plena.","breadcrumb":{"@id":"https:\/\/www.amicsmuseunacional.org\/ca\/obra-de-la-setmana-426-2\/#breadcrumb"},"inLanguage":"ca","potentialAction":[{"@type":"ReadAction","target":["https:\/\/www.amicsmuseunacional.org\/ca\/obra-de-la-setmana-426-2\/"]}]},{"@type":"ImageObject","inLanguage":"ca","@id":"https:\/\/www.amicsmuseunacional.org\/ca\/obra-de-la-setmana-426-2\/#primaryimage","url":"https:\/\/www.amicsmuseunacional.org\/wp-content\/uploads\/2025\/10\/OBRAW-2.jpg","contentUrl":"https:\/\/www.amicsmuseunacional.org\/wp-content\/uploads\/2025\/10\/OBRAW-2.jpg","width":2000,"height":500},{"@type":"BreadcrumbList","@id":"https:\/\/www.amicsmuseunacional.org\/ca\/obra-de-la-setmana-426-2\/#breadcrumb","itemListElement":[{"@type":"ListItem","position":1,"name":"Inici","item":"https:\/\/www.amicsmuseunacional.org\/ca\/"},{"@type":"ListItem","position":2,"name":"&#8220;Soldat&#8221;"}]},{"@type":"WebSite","@id":"https:\/\/www.amicsmuseunacional.org\/ca\/#website","url":"https:\/\/www.amicsmuseunacional.org\/ca\/","name":"Amics Museu Nacional","description":"Una comunitat d&#039;amants del patrimoni que col\u00b7labora amb el Museu Nacional","publisher":{"@id":"https:\/\/www.amicsmuseunacional.org\/ca\/#organization"},"potentialAction":[{"@type":"SearchAction","target":{"@type":"EntryPoint","urlTemplate":"https:\/\/www.amicsmuseunacional.org\/ca\/?s={search_term_string}"},"query-input":{"@type":"PropertyValueSpecification","valueRequired":true,"valueName":"search_term_string"}}],"inLanguage":"ca"},{"@type":"Organization","@id":"https:\/\/www.amicsmuseunacional.org\/ca\/#organization","name":"Amics MNAC","url":"https:\/\/www.amicsmuseunacional.org\/ca\/","logo":{"@type":"ImageObject","inLanguage":"ca","@id":"https:\/\/www.amicsmuseunacional.org\/ca\/#\/schema\/logo\/image\/","url":"https:\/\/www.amicsmuseunacional.org\/wp-content\/uploads\/2021\/01\/logo-amicsmnac.png","contentUrl":"https:\/\/www.amicsmuseunacional.org\/wp-content\/uploads\/2021\/01\/logo-amicsmnac.png","width":260,"height":49,"caption":"Amics MNAC"},"image":{"@id":"https:\/\/www.amicsmuseunacional.org\/ca\/#\/schema\/logo\/image\/"}},{"@type":"Person","@id":"https:\/\/www.amicsmuseunacional.org\/ca\/#\/schema\/person\/53aec62d92da16a9063eb3d76e5c875e","name":"Laura Melgarejo"}]}},"_links":{"self":[{"href":"https:\/\/www.amicsmuseunacional.org\/ca\/wp-json\/wp\/v2\/posts\/25542","targetHints":{"allow":["GET"]}}],"collection":[{"href":"https:\/\/www.amicsmuseunacional.org\/ca\/wp-json\/wp\/v2\/posts"}],"about":[{"href":"https:\/\/www.amicsmuseunacional.org\/ca\/wp-json\/wp\/v2\/types\/post"}],"author":[{"embeddable":true,"href":"https:\/\/www.amicsmuseunacional.org\/ca\/wp-json\/wp\/v2\/users\/5"}],"replies":[{"embeddable":true,"href":"https:\/\/www.amicsmuseunacional.org\/ca\/wp-json\/wp\/v2\/comments?post=25542"}],"version-history":[{"count":0,"href":"https:\/\/www.amicsmuseunacional.org\/ca\/wp-json\/wp\/v2\/posts\/25542\/revisions"}],"wp:featuredmedia":[{"embeddable":true,"href":"https:\/\/www.amicsmuseunacional.org\/ca\/wp-json\/wp\/v2\/media\/25543"}],"wp:attachment":[{"href":"https:\/\/www.amicsmuseunacional.org\/ca\/wp-json\/wp\/v2\/media?parent=25542"}],"wp:term":[{"taxonomy":"category","embeddable":true,"href":"https:\/\/www.amicsmuseunacional.org\/ca\/wp-json\/wp\/v2\/categories?post=25542"},{"taxonomy":"post_tag","embeddable":true,"href":"https:\/\/www.amicsmuseunacional.org\/ca\/wp-json\/wp\/v2\/tags?post=25542"}],"curies":[{"name":"wp","href":"https:\/\/api.w.org\/{rel}","templated":true}]}}