{"id":28338,"date":"2026-04-27T13:01:43","date_gmt":"2026-04-27T11:01:43","guid":{"rendered":"https:\/\/www.amicsmuseunacional.org\/?p=28338"},"modified":"2026-04-27T13:47:28","modified_gmt":"2026-04-27T11:47:28","slug":"sant-pere-de-rodes-de-la-runa-al-mite","status":"publish","type":"post","link":"https:\/\/www.amicsmuseunacional.org\/ca\/sant-pere-de-rodes-de-la-runa-al-mite\/","title":{"rendered":"Sant Pere de Rodes, de la runa al mite"},"content":{"rendered":"\n<p>En el marc de l\u2019exposici\u00f3 dedicada a Sant Pere de Rodes, el Museu proposa\u00a03 sessions de di\u00e0legs en format de v\u00eddeo-p\u00f2dcast\u00a0guiades per la periodista i comunicadora cultural Rita Roig.\u00a0Les converses aprofundiran en alguns dels grans eixos conceptuals de la mostra, connectant el patrimoni amb mirades contempor\u00e0nies.<\/p>\n","protected":false},"excerpt":{"rendered":"<p>En el marc de l\u2019exposici\u00f3 dedicada a Sant Pere de Rodes, el Museu proposa\u00a03 sessions de di\u00e0legs en format de v\u00eddeo-p\u00f2dcast\u00a0guiades per la periodista i comunicadora cultural Rita Roig.<\/p>\n","protected":false},"author":5,"featured_media":28339,"comment_status":"closed","ping_status":"closed","sticky":false,"template":"","format":"standard","meta":{"_acf_changed":false,"footnotes":""},"categories":[55],"tags":[],"class_list":["post-28338","post","type-post","status-publish","format-standard","has-post-thumbnail","hentry","category-activitats"],"acf":[],"yoast_head":"<!-- This site is optimized with the Yoast SEO plugin v27.4 - https:\/\/yoast.com\/product\/yoast-seo-wordpress\/ -->\n<title>Sant Pere de Rodes, de la runa al mite | Amics Museu Nacional<\/title>\n<meta name=\"description\" content=\"En el marc de l\u2019exposici\u00f3 dedicada a Sant Pere de Rodes, el Museu proposa\u00a03 sessions de di\u00e0legs en format de v\u00eddeo-p\u00f2dcast\u00a0guiades per la periodista i comunicadora cultural Rita Roig.\u00a0Les converses aprofundiran en alguns dels grans eixos conceptuals de la mostra, connectant el patrimoni amb mirades contempor\u00e0nies.\" \/>\n<meta name=\"robots\" content=\"index, follow, max-snippet:-1, max-image-preview:large, max-video-preview:-1\" \/>\n<link rel=\"canonical\" href=\"https:\/\/www.amicsmuseunacional.org\/ca\/sant-pere-de-rodes-de-la-runa-al-mite\/\" \/>\n<meta property=\"og:locale\" content=\"ca_ES\" \/>\n<meta property=\"og:type\" content=\"article\" \/>\n<meta property=\"og:title\" content=\"Sant Pere de Rodes, de la runa al mite | Amics Museu Nacional\" \/>\n<meta property=\"og:description\" content=\"En el marc de l\u2019exposici\u00f3 dedicada a Sant Pere de Rodes, el Museu proposa\u00a03 sessions de di\u00e0legs en format de v\u00eddeo-p\u00f2dcast\u00a0guiades per la periodista i comunicadora cultural Rita Roig.\u00a0Les converses aprofundiran en alguns dels grans eixos conceptuals de la mostra, connectant el patrimoni amb mirades contempor\u00e0nies.\" \/>\n<meta property=\"og:url\" content=\"https:\/\/www.amicsmuseunacional.org\/ca\/sant-pere-de-rodes-de-la-runa-al-mite\/\" \/>\n<meta property=\"og:site_name\" content=\"Amics Museu Nacional\" \/>\n<meta property=\"article:published_time\" content=\"2026-04-27T11:01:43+00:00\" \/>\n<meta property=\"article:modified_time\" content=\"2026-04-27T11:47:28+00:00\" \/>\n<meta property=\"og:image\" content=\"https:\/\/www.amicsmuseunacional.org\/wp-content\/uploads\/2026\/04\/PODCASTW.jpg\" \/>\n\t<meta property=\"og:image:width\" content=\"2000\" \/>\n\t<meta property=\"og:image:height\" content=\"800\" \/>\n\t<meta property=\"og:image:type\" content=\"image\/jpeg\" \/>\n<meta name=\"author\" content=\"Laura Melgarejo\" \/>\n<meta name=\"twitter:card\" content=\"summary_large_image\" \/>\n<meta name=\"twitter:label1\" content=\"Escrit per\" \/>\n\t<meta name=\"twitter:data1\" content=\"Laura Melgarejo\" \/>\n\t<meta name=\"twitter:label2\" content=\"Temps estimat de lectura\" \/>\n\t<meta name=\"twitter:data2\" content=\"2 minuts\" \/>\n<script type=\"application\/ld+json\" class=\"yoast-schema-graph\">{\"@context\":\"https:\\\/\\\/schema.org\",\"@graph\":[{\"@type\":\"Article\",\"@id\":\"https:\\\/\\\/www.amicsmuseunacional.org\\\/ca\\\/sant-pere-de-rodes-de-la-runa-al-mite\\\/#article\",\"isPartOf\":{\"@id\":\"https:\\\/\\\/www.amicsmuseunacional.org\\\/ca\\\/sant-pere-de-rodes-de-la-runa-al-mite\\\/\"},\"author\":{\"name\":\"Laura Melgarejo\",\"@id\":\"https:\\\/\\\/www.amicsmuseunacional.org\\\/ca\\\/#\\\/schema\\\/person\\\/53aec62d92da16a9063eb3d76e5c875e\"},\"headline\":\"Sant Pere de Rodes, de la runa al mite\",\"datePublished\":\"2026-04-27T11:01:43+00:00\",\"dateModified\":\"2026-04-27T11:47:28+00:00\",\"mainEntityOfPage\":{\"@id\":\"https:\\\/\\\/www.amicsmuseunacional.org\\\/ca\\\/sant-pere-de-rodes-de-la-runa-al-mite\\\/\"},\"wordCount\":62,\"publisher\":{\"@id\":\"https:\\\/\\\/www.amicsmuseunacional.org\\\/ca\\\/#organization\"},\"image\":{\"@id\":\"https:\\\/\\\/www.amicsmuseunacional.org\\\/ca\\\/sant-pere-de-rodes-de-la-runa-al-mite\\\/#primaryimage\"},\"thumbnailUrl\":\"https:\\\/\\\/www.amicsmuseunacional.org\\\/wp-content\\\/uploads\\\/2026\\\/04\\\/PODCASTW.jpg\",\"articleSection\":[\"Activitats\"],\"inLanguage\":\"ca\"},{\"@type\":\"WebPage\",\"@id\":\"https:\\\/\\\/www.amicsmuseunacional.org\\\/ca\\\/sant-pere-de-rodes-de-la-runa-al-mite\\\/\",\"url\":\"https:\\\/\\\/www.amicsmuseunacional.org\\\/ca\\\/sant-pere-de-rodes-de-la-runa-al-mite\\\/\",\"name\":\"Sant Pere de Rodes, de la runa al mite | Amics Museu Nacional\",\"isPartOf\":{\"@id\":\"https:\\\/\\\/www.amicsmuseunacional.org\\\/ca\\\/#website\"},\"primaryImageOfPage\":{\"@id\":\"https:\\\/\\\/www.amicsmuseunacional.org\\\/ca\\\/sant-pere-de-rodes-de-la-runa-al-mite\\\/#primaryimage\"},\"image\":{\"@id\":\"https:\\\/\\\/www.amicsmuseunacional.org\\\/ca\\\/sant-pere-de-rodes-de-la-runa-al-mite\\\/#primaryimage\"},\"thumbnailUrl\":\"https:\\\/\\\/www.amicsmuseunacional.org\\\/wp-content\\\/uploads\\\/2026\\\/04\\\/PODCASTW.jpg\",\"datePublished\":\"2026-04-27T11:01:43+00:00\",\"dateModified\":\"2026-04-27T11:47:28+00:00\",\"description\":\"En el marc de l\u2019exposici\u00f3 dedicada a Sant Pere de Rodes, el Museu proposa\u00a03 sessions de di\u00e0legs en format de v\u00eddeo-p\u00f2dcast\u00a0guiades per la periodista i comunicadora cultural Rita Roig.\u00a0Les converses aprofundiran en alguns dels grans eixos conceptuals de la mostra, connectant el patrimoni amb mirades contempor\u00e0nies.\",\"breadcrumb\":{\"@id\":\"https:\\\/\\\/www.amicsmuseunacional.org\\\/ca\\\/sant-pere-de-rodes-de-la-runa-al-mite\\\/#breadcrumb\"},\"inLanguage\":\"ca\",\"potentialAction\":[{\"@type\":\"ReadAction\",\"target\":[\"https:\\\/\\\/www.amicsmuseunacional.org\\\/ca\\\/sant-pere-de-rodes-de-la-runa-al-mite\\\/\"]}]},{\"@type\":\"ImageObject\",\"inLanguage\":\"ca\",\"@id\":\"https:\\\/\\\/www.amicsmuseunacional.org\\\/ca\\\/sant-pere-de-rodes-de-la-runa-al-mite\\\/#primaryimage\",\"url\":\"https:\\\/\\\/www.amicsmuseunacional.org\\\/wp-content\\\/uploads\\\/2026\\\/04\\\/PODCASTW.jpg\",\"contentUrl\":\"https:\\\/\\\/www.amicsmuseunacional.org\\\/wp-content\\\/uploads\\\/2026\\\/04\\\/PODCASTW.jpg\",\"width\":2000,\"height\":800},{\"@type\":\"BreadcrumbList\",\"@id\":\"https:\\\/\\\/www.amicsmuseunacional.org\\\/ca\\\/sant-pere-de-rodes-de-la-runa-al-mite\\\/#breadcrumb\",\"itemListElement\":[{\"@type\":\"ListItem\",\"position\":1,\"name\":\"Inici\",\"item\":\"https:\\\/\\\/www.amicsmuseunacional.org\\\/ca\\\/\"},{\"@type\":\"ListItem\",\"position\":2,\"name\":\"Sant Pere de Rodes, de la runa al mite\"}]},{\"@type\":\"WebSite\",\"@id\":\"https:\\\/\\\/www.amicsmuseunacional.org\\\/ca\\\/#website\",\"url\":\"https:\\\/\\\/www.amicsmuseunacional.org\\\/ca\\\/\",\"name\":\"Amics Museu Nacional\",\"description\":\"Una comunitat d&#039;amants del patrimoni que col\u00b7labora amb el Museu Nacional\",\"publisher\":{\"@id\":\"https:\\\/\\\/www.amicsmuseunacional.org\\\/ca\\\/#organization\"},\"potentialAction\":[{\"@type\":\"SearchAction\",\"target\":{\"@type\":\"EntryPoint\",\"urlTemplate\":\"https:\\\/\\\/www.amicsmuseunacional.org\\\/ca\\\/?s={search_term_string}\"},\"query-input\":{\"@type\":\"PropertyValueSpecification\",\"valueRequired\":true,\"valueName\":\"search_term_string\"}}],\"inLanguage\":\"ca\"},{\"@type\":\"Organization\",\"@id\":\"https:\\\/\\\/www.amicsmuseunacional.org\\\/ca\\\/#organization\",\"name\":\"Amics MNAC\",\"url\":\"https:\\\/\\\/www.amicsmuseunacional.org\\\/ca\\\/\",\"logo\":{\"@type\":\"ImageObject\",\"inLanguage\":\"ca\",\"@id\":\"https:\\\/\\\/www.amicsmuseunacional.org\\\/ca\\\/#\\\/schema\\\/logo\\\/image\\\/\",\"url\":\"https:\\\/\\\/www.amicsmuseunacional.org\\\/wp-content\\\/uploads\\\/2021\\\/01\\\/logo-amicsmnac.png\",\"contentUrl\":\"https:\\\/\\\/www.amicsmuseunacional.org\\\/wp-content\\\/uploads\\\/2021\\\/01\\\/logo-amicsmnac.png\",\"width\":260,\"height\":49,\"caption\":\"Amics MNAC\"},\"image\":{\"@id\":\"https:\\\/\\\/www.amicsmuseunacional.org\\\/ca\\\/#\\\/schema\\\/logo\\\/image\\\/\"}},{\"@type\":\"Person\",\"@id\":\"https:\\\/\\\/www.amicsmuseunacional.org\\\/ca\\\/#\\\/schema\\\/person\\\/53aec62d92da16a9063eb3d76e5c875e\",\"name\":\"Laura Melgarejo\"}]}<\/script>\n<!-- \/ Yoast SEO plugin. -->","yoast_head_json":{"title":"Sant Pere de Rodes, de la runa al mite | Amics Museu Nacional","description":"En el marc de l\u2019exposici\u00f3 dedicada a Sant Pere de Rodes, el Museu proposa\u00a03 sessions de di\u00e0legs en format de v\u00eddeo-p\u00f2dcast\u00a0guiades per la periodista i comunicadora cultural Rita Roig.\u00a0Les converses aprofundiran en alguns dels grans eixos conceptuals de la mostra, connectant el patrimoni amb mirades contempor\u00e0nies.","robots":{"index":"index","follow":"follow","max-snippet":"max-snippet:-1","max-image-preview":"max-image-preview:large","max-video-preview":"max-video-preview:-1"},"canonical":"https:\/\/www.amicsmuseunacional.org\/ca\/sant-pere-de-rodes-de-la-runa-al-mite\/","og_locale":"ca_ES","og_type":"article","og_title":"Sant Pere de Rodes, de la runa al mite | Amics Museu Nacional","og_description":"En el marc de l\u2019exposici\u00f3 dedicada a Sant Pere de Rodes, el Museu proposa\u00a03 sessions de di\u00e0legs en format de v\u00eddeo-p\u00f2dcast\u00a0guiades per la periodista i comunicadora cultural Rita Roig.\u00a0Les converses aprofundiran en alguns dels grans eixos conceptuals de la mostra, connectant el patrimoni amb mirades contempor\u00e0nies.","og_url":"https:\/\/www.amicsmuseunacional.org\/ca\/sant-pere-de-rodes-de-la-runa-al-mite\/","og_site_name":"Amics Museu Nacional","article_published_time":"2026-04-27T11:01:43+00:00","article_modified_time":"2026-04-27T11:47:28+00:00","og_image":[{"width":2000,"height":800,"url":"https:\/\/www.amicsmuseunacional.org\/wp-content\/uploads\/2026\/04\/PODCASTW.jpg","type":"image\/jpeg"}],"author":"Laura Melgarejo","twitter_card":"summary_large_image","twitter_misc":{"Escrit per":"Laura Melgarejo","Temps estimat de lectura":"2 minuts"},"schema":{"@context":"https:\/\/schema.org","@graph":[{"@type":"Article","@id":"https:\/\/www.amicsmuseunacional.org\/ca\/sant-pere-de-rodes-de-la-runa-al-mite\/#article","isPartOf":{"@id":"https:\/\/www.amicsmuseunacional.org\/ca\/sant-pere-de-rodes-de-la-runa-al-mite\/"},"author":{"name":"Laura Melgarejo","@id":"https:\/\/www.amicsmuseunacional.org\/ca\/#\/schema\/person\/53aec62d92da16a9063eb3d76e5c875e"},"headline":"Sant Pere de Rodes, de la runa al mite","datePublished":"2026-04-27T11:01:43+00:00","dateModified":"2026-04-27T11:47:28+00:00","mainEntityOfPage":{"@id":"https:\/\/www.amicsmuseunacional.org\/ca\/sant-pere-de-rodes-de-la-runa-al-mite\/"},"wordCount":62,"publisher":{"@id":"https:\/\/www.amicsmuseunacional.org\/ca\/#organization"},"image":{"@id":"https:\/\/www.amicsmuseunacional.org\/ca\/sant-pere-de-rodes-de-la-runa-al-mite\/#primaryimage"},"thumbnailUrl":"https:\/\/www.amicsmuseunacional.org\/wp-content\/uploads\/2026\/04\/PODCASTW.jpg","articleSection":["Activitats"],"inLanguage":"ca"},{"@type":"WebPage","@id":"https:\/\/www.amicsmuseunacional.org\/ca\/sant-pere-de-rodes-de-la-runa-al-mite\/","url":"https:\/\/www.amicsmuseunacional.org\/ca\/sant-pere-de-rodes-de-la-runa-al-mite\/","name":"Sant Pere de Rodes, de la runa al mite | Amics Museu Nacional","isPartOf":{"@id":"https:\/\/www.amicsmuseunacional.org\/ca\/#website"},"primaryImageOfPage":{"@id":"https:\/\/www.amicsmuseunacional.org\/ca\/sant-pere-de-rodes-de-la-runa-al-mite\/#primaryimage"},"image":{"@id":"https:\/\/www.amicsmuseunacional.org\/ca\/sant-pere-de-rodes-de-la-runa-al-mite\/#primaryimage"},"thumbnailUrl":"https:\/\/www.amicsmuseunacional.org\/wp-content\/uploads\/2026\/04\/PODCASTW.jpg","datePublished":"2026-04-27T11:01:43+00:00","dateModified":"2026-04-27T11:47:28+00:00","description":"En el marc de l\u2019exposici\u00f3 dedicada a Sant Pere de Rodes, el Museu proposa\u00a03 sessions de di\u00e0legs en format de v\u00eddeo-p\u00f2dcast\u00a0guiades per la periodista i comunicadora cultural Rita Roig.\u00a0Les converses aprofundiran en alguns dels grans eixos conceptuals de la mostra, connectant el patrimoni amb mirades contempor\u00e0nies.","breadcrumb":{"@id":"https:\/\/www.amicsmuseunacional.org\/ca\/sant-pere-de-rodes-de-la-runa-al-mite\/#breadcrumb"},"inLanguage":"ca","potentialAction":[{"@type":"ReadAction","target":["https:\/\/www.amicsmuseunacional.org\/ca\/sant-pere-de-rodes-de-la-runa-al-mite\/"]}]},{"@type":"ImageObject","inLanguage":"ca","@id":"https:\/\/www.amicsmuseunacional.org\/ca\/sant-pere-de-rodes-de-la-runa-al-mite\/#primaryimage","url":"https:\/\/www.amicsmuseunacional.org\/wp-content\/uploads\/2026\/04\/PODCASTW.jpg","contentUrl":"https:\/\/www.amicsmuseunacional.org\/wp-content\/uploads\/2026\/04\/PODCASTW.jpg","width":2000,"height":800},{"@type":"BreadcrumbList","@id":"https:\/\/www.amicsmuseunacional.org\/ca\/sant-pere-de-rodes-de-la-runa-al-mite\/#breadcrumb","itemListElement":[{"@type":"ListItem","position":1,"name":"Inici","item":"https:\/\/www.amicsmuseunacional.org\/ca\/"},{"@type":"ListItem","position":2,"name":"Sant Pere de Rodes, de la runa al mite"}]},{"@type":"WebSite","@id":"https:\/\/www.amicsmuseunacional.org\/ca\/#website","url":"https:\/\/www.amicsmuseunacional.org\/ca\/","name":"Amics Museu Nacional","description":"Una comunitat d&#039;amants del patrimoni que col\u00b7labora amb el Museu Nacional","publisher":{"@id":"https:\/\/www.amicsmuseunacional.org\/ca\/#organization"},"potentialAction":[{"@type":"SearchAction","target":{"@type":"EntryPoint","urlTemplate":"https:\/\/www.amicsmuseunacional.org\/ca\/?s={search_term_string}"},"query-input":{"@type":"PropertyValueSpecification","valueRequired":true,"valueName":"search_term_string"}}],"inLanguage":"ca"},{"@type":"Organization","@id":"https:\/\/www.amicsmuseunacional.org\/ca\/#organization","name":"Amics MNAC","url":"https:\/\/www.amicsmuseunacional.org\/ca\/","logo":{"@type":"ImageObject","inLanguage":"ca","@id":"https:\/\/www.amicsmuseunacional.org\/ca\/#\/schema\/logo\/image\/","url":"https:\/\/www.amicsmuseunacional.org\/wp-content\/uploads\/2021\/01\/logo-amicsmnac.png","contentUrl":"https:\/\/www.amicsmuseunacional.org\/wp-content\/uploads\/2021\/01\/logo-amicsmnac.png","width":260,"height":49,"caption":"Amics MNAC"},"image":{"@id":"https:\/\/www.amicsmuseunacional.org\/ca\/#\/schema\/logo\/image\/"}},{"@type":"Person","@id":"https:\/\/www.amicsmuseunacional.org\/ca\/#\/schema\/person\/53aec62d92da16a9063eb3d76e5c875e","name":"Laura Melgarejo"}]}},"_links":{"self":[{"href":"https:\/\/www.amicsmuseunacional.org\/ca\/wp-json\/wp\/v2\/posts\/28338","targetHints":{"allow":["GET"]}}],"collection":[{"href":"https:\/\/www.amicsmuseunacional.org\/ca\/wp-json\/wp\/v2\/posts"}],"about":[{"href":"https:\/\/www.amicsmuseunacional.org\/ca\/wp-json\/wp\/v2\/types\/post"}],"author":[{"embeddable":true,"href":"https:\/\/www.amicsmuseunacional.org\/ca\/wp-json\/wp\/v2\/users\/5"}],"replies":[{"embeddable":true,"href":"https:\/\/www.amicsmuseunacional.org\/ca\/wp-json\/wp\/v2\/comments?post=28338"}],"version-history":[{"count":0,"href":"https:\/\/www.amicsmuseunacional.org\/ca\/wp-json\/wp\/v2\/posts\/28338\/revisions"}],"wp:featuredmedia":[{"embeddable":true,"href":"https:\/\/www.amicsmuseunacional.org\/ca\/wp-json\/wp\/v2\/media\/28339"}],"wp:attachment":[{"href":"https:\/\/www.amicsmuseunacional.org\/ca\/wp-json\/wp\/v2\/media?parent=28338"}],"wp:term":[{"taxonomy":"category","embeddable":true,"href":"https:\/\/www.amicsmuseunacional.org\/ca\/wp-json\/wp\/v2\/categories?post=28338"},{"taxonomy":"post_tag","embeddable":true,"href":"https:\/\/www.amicsmuseunacional.org\/ca\/wp-json\/wp\/v2\/tags?post=28338"}],"curies":[{"name":"wp","href":"https:\/\/api.w.org\/{rel}","templated":true}]}}